{"id":8668,"date":"2018-08-03T08:20:51","date_gmt":"2018-08-03T07:20:51","guid":{"rendered":"https:\/\/blog.likibu.com\/fr\/?p=8668"},"modified":"2018-08-06T09:27:54","modified_gmt":"2018-08-06T08:27:54","slug":"benoit-du-blog-des-yeux-plus-grands-que-le-monde-changer-vie","status":"publish","type":"post","link":"https:\/\/blog.likibu.com\/fr\/benoit-du-blog-des-yeux-plus-grands-que-le-monde-changer-vie\/","title":{"rendered":"Beno\u00eet du blog des Yeux plus Grands que le Monde : changer de vie !"},"content":{"rendered":"<h4 style=\"text-align: justify;\">\u00c9vadez-vous avec l&rsquo;interview de Beno\u00eet du blog des Yeux plus Grands que le Monde : changer de vie est sa sp\u00e9cialit\u00e9 !<\/h4>\n<h2 style=\"text-align: justify;\">1. Beno\u00eet, pouvez-vous nous parler de vous et de votre parcours ?<\/h2>\n<p style=\"text-align: justify;\">Je suis un jeune homme de 41 ans, passionn\u00e9 de voyage, d\u2019\u00e9changes culturels et d\u2019activit\u00e9s sportives outdoor. Je suis content d\u2019avoir eu plusieurs vies : \u00e9tudiant, je suis pass\u00e9 par un DUT, puis l\u2019universit\u00e9, ce qui m\u2019a permis d\u2019habiter \u00e0 Londres (NB : <a href=\"https:\/\/blog.likibu.com\/fr\/visiter-londres\/\">visiter Londres<\/a>) et aux Pays-Bas (NB : <a href=\"https:\/\/blog.likibu.com\/fr\/ou-dormir-amsterdam-meilleurs-quartiers\/\">o\u00f9 dormir \u00e0 Amsterdam ?<\/a>). Puis dans ma carri\u00e8re professionnelle, j\u2019ai eu des m\u00e9tiers diff\u00e9rents dans le monde de l\u2019Assistance qui m\u2019ont amen\u00e9 \u00e0 vivre en Angleterre et au Maroc. J\u2019ai toujours ador\u00e9 changer de vie, m\u2019adapter et voyager est comme une seconde nature. Tout cela m\u2019a doucement conduit \u00e0 devenir Blogueur Professionnel.<\/p>\n<h2 style=\"text-align: justify;\">2. Comment et pourquoi \u00eates-vous devenu passionn\u00e9 par les voyages ?<\/h2>\n<p style=\"text-align: justify;\">Le voyage est rapidement devenu une vraie passion. D\u00e8s 7 ans, je faisais d\u00e9j\u00e0 beaucoup de colonies de vacances qui m\u2019ont amen\u00e9 \u00e0 voyager partout en France. \u00c0 11 ans, j\u2019ai eu la chance d\u2019aller en Angleterre en voyage scolaire. \u00c0 partir de ce moment-l\u00e0, je n\u2019ai jamais vraiment arr\u00eat\u00e9 de penser au prochain voyage.<\/p>\n<p style=\"text-align: justify;\">Ce qui me passionne dans le voyage, ce sont les diff\u00e9rences culturelles, la n\u00e9cessit\u00e9 d\u2019apprendre pour s\u2019adapter et pouvoir \u00e9changer avec les locaux, des langues et des traditions diff\u00e9rentes \u00e0 aborder, l\u2019observation et l\u2019\u00e9coute pour chercher \u00e0 comprendre et puis bien s\u00fbr, d\u00e9couvrir tout ce que la nature a \u00e0 nous offrir, des profondeurs sous-marines aux cimes des montagnes.<\/p>\n<p style=\"text-align: justify;\"><a href=\"https:\/\/blog.likibu.com\/fr\/wp-content\/uploads\/2018\/07\/photo1-min.jpg\"><img loading=\"lazy\" class=\"alignnone size-full wp-image-8671\" src=\"https:\/\/blog.likibu.com\/fr\/wp-content\/uploads\/2018\/07\/photo1-min.jpg\" alt=\"photo1-min\" width=\"2560\" height=\"1707\" srcset=\"\/wp-content\/uploads\/2018\/07\/photo1-min.jpg 2560w, \/wp-content\/uploads\/2018\/07\/photo1-min-750x500.jpg 750w, \/wp-content\/uploads\/2018\/07\/photo1-min-1024x682.jpg 1024w\" sizes=\"(max-width: 2560px) 100vw, 2560px\" \/><\/a><\/p>\n<h2 style=\"text-align: justify;\">3. Quels sont vos futurs voyages et projets ?<\/h2>\n<p style=\"text-align: justify;\">Le d\u00e9but de l\u2019ann\u00e9e a \u00e9t\u00e9 incroyable ! Canada, Maroc, Aveyron, Japon, je n\u2019ai pas beaucoup arr\u00eat\u00e9. Cet \u00e9t\u00e9, apr\u00e8s un tour de France en 2017, je lance le projet \u00ab un \u00e9t\u00e9 Outdoor \u00bb ! \u00c0 partir de fin juin, je partirai sur les routes de France et de nos voisins en van pour un voyage itin\u00e9rant et tout plein d\u2019activit\u00e9s outdoor type randonn\u00e9e itin\u00e9rante, trek &amp; raft, v\u00e9lo etc. \u00c7a promet de belles aventures et de somptueuses images de nature !<\/p>\n<h2 style=\"text-align: justify;\">4. Quelques anecdotes ou souvenirs que vous souhaitez partager ?<\/h2>\n<p style=\"text-align: justify;\">Lors de mon dernier voyage au Japon, j\u2019ai d\u00e9cid\u00e9 de parcourir le Kumano Kodo, un p\u00e8lerinage de 5 jours \u00e0 pied dans le sud d\u2019Osaka. J\u2019y ai v\u00e9cu une aventure magique dans les for\u00eats luxuriantes du Japon, entrecoup\u00e9e de d\u00e9couvertes de temples Shinto incroyables et de relaxation dans des sources d\u2019eau d\u00e9licieusement zen. Un vrai bonheur ! Il n\u2019\u00e9tait pas \u00e9vident de trouver des informations claires sur ce trek, mais je me suis lanc\u00e9. J\u2019y ai v\u00e9cu une superbe aventure !<\/p>\n<p style=\"text-align: justify;\"><a href=\"https:\/\/blog.likibu.com\/fr\/wp-content\/uploads\/2018\/07\/Benoit-Richer-min.jpg\"><img loading=\"lazy\" class=\"alignnone size-full wp-image-8670\" src=\"https:\/\/blog.likibu.com\/fr\/wp-content\/uploads\/2018\/07\/Benoit-Richer-min.jpg\" alt=\"Benoit Richer-min\" width=\"500\" height=\"500\" srcset=\"\/wp-content\/uploads\/2018\/07\/Benoit-Richer-min.jpg 500w, \/wp-content\/uploads\/2018\/07\/Benoit-Richer-min-150x150.jpg 150w, \/wp-content\/uploads\/2018\/07\/Benoit-Richer-min-80x80.jpg 80w\" sizes=\"(max-width: 500px) 100vw, 500px\" \/><\/a><\/p>\n<h2 style=\"text-align: justify;\">5. Quels sont vos objectifs lors d&rsquo;un voyage ? Que recherchez-vous ?<\/h2>\n<p style=\"text-align: justify;\">Lorsque je voyage, j\u2019aime prendre mon temps. Ce qui me passionne : tenter de comprendre la culture locale et d\u00e9couvrir les beaux lieux de nature pr\u00e9serv\u00e9s !<\/p>\n<h2 style=\"text-align: justify;\">6. Vos meilleurs conseils pour bien voyager ?<\/h2>\n<ul style=\"text-align: justify;\">\n<li>Prendre le temps : essayer de s\u2019impr\u00e9gner des lieux et des gens.<\/li>\n<li>Vous faire confiance et \u00eatre positif ! Apr\u00e8s tout, le voyage est fait pour prendre du bon temps. Il peut \u00eatre aussi un vrai vecteur de d\u00e9veloppement personnel selon comment on le prend.<\/li>\n<li>S\u2019aventurer : sortir des avenues pour se perdre dans les petites rues, tester de nouveaux plats, de nouvelles activit\u00e9s, surmonter ses peurs et r\u00e9aliser ses r\u00eaves les plus fous.<\/li>\n<li>S\u2019ouvrir \u00e0 l\u2019autre : je crois que la plupart des gens sont de belles personnes et ce sont les moments de partage humain dont vous souviendrez.<\/li>\n<\/ul>\n<p><a href=\"https:\/\/blog.likibu.com\/fr\/wp-content\/uploads\/2018\/07\/photo2-min.jpg\"><img loading=\"lazy\" class=\"alignnone size-full wp-image-8672\" src=\"https:\/\/blog.likibu.com\/fr\/wp-content\/uploads\/2018\/07\/photo2-min.jpg\" alt=\"photo2-min\" width=\"1200\" height=\"800\" srcset=\"\/wp-content\/uploads\/2018\/07\/photo2-min.jpg 1200w, \/wp-content\/uploads\/2018\/07\/photo2-min-750x500.jpg 750w, \/wp-content\/uploads\/2018\/07\/photo2-min-1024x682.jpg 1024w\" sizes=\"(max-width: 1200px) 100vw, 1200px\" \/><\/a><\/p>\n<h2 style=\"text-align: justify;\">7. Comment en \u00eates-vous venu \u00e0 cr\u00e9er ce blog ?<\/h2>\n<p style=\"text-align: justify;\">Apr\u00e8s une expatriation de 2 ans au Maroc o\u00f9 j\u2019avais commenc\u00e9 \u00e0 \u00e9crire les petites aventures de mon quotidien, j\u2019ai d\u00e9cid\u00e9 de monter un beau blog avant mon d\u00e9part pour un tour du monde. L\u2019id\u00e9e \u00e9tait au d\u00e9part de partager avec mes proches mais j\u2019avais quand m\u00eame en t\u00eate d\u2019en faire quelque chose \u00e0 l\u2019avenir. Depuis 2014, le projet continue.<\/p>\n<h3 style=\"text-align: justify;\">Le blog de Beno\u00eet si vous avez trouv\u00e9 cette interview passionnante\u00a0:\u00a0<a href=\"https:\/\/desyeuxplusgrandsquelemonde.com\/\">des Yeux plus Grands que le Monde<\/a><\/h3>\n<h3 style=\"text-align: justify;\">Vous souhaitez vous \u00e9vader comme Beno\u00eet ? Rendez-vous dans votre <a href=\"https:\/\/www.likibu.com\/fr\/location-appartement-vacances\/maroc\">location d&rsquo;appartement au Maroc<\/a>, au <a href=\"https:\/\/www.likibu.com\/fr\/location-appartement-vacances\/japon\">Japon<\/a> ou au <a href=\"https:\/\/www.likibu.com\/fr\/location-appartement-vacances\/canada\">Canada<\/a> !<\/h3>\n","protected":false},"excerpt":{"rendered":"<p>\u00c9vadez-vous avec l&rsquo;interview de Beno\u00eet du blog des Yeux plus Grands que le Monde : changer de vie est sa sp\u00e9cialit\u00e9 ! 1. Beno\u00eet, pouvez-vous nous parler de vous et de votre parcours ? Je suis un jeune homme de 41 ans, passionn\u00e9 de voyage,  <a class=\"read-more\" href=\"https:\/\/blog.likibu.com\/fr\/benoit-du-blog-des-yeux-plus-grands-que-le-monde-changer-vie\/\">Suite &rarr;<\/a><\/p>\n","protected":false},"author":81,"featured_media":8673,"comment_status":"closed","ping_status":"open","sticky":false,"template":"","format":"standard","meta":[],"categories":[77,78,229],"tags":[],"_links":{"self":[{"href":"https:\/\/blog.likibu.com\/fr\/wp-json\/wp\/v2\/posts\/8668"}],"collection":[{"href":"https:\/\/blog.likibu.com\/fr\/wp-json\/wp\/v2\/posts"}],"about":[{"href":"https:\/\/blog.likibu.com\/fr\/wp-json\/wp\/v2\/types\/post"}],"author":[{"embeddable":true,"href":"https:\/\/blog.likibu.com\/fr\/wp-json\/wp\/v2\/users\/81"}],"replies":[{"embeddable":true,"href":"https:\/\/blog.likibu.com\/fr\/wp-json\/wp\/v2\/comments?post=8668"}],"version-history":[{"count":8,"href":"https:\/\/blog.likibu.com\/fr\/wp-json\/wp\/v2\/posts\/8668\/revisions"}],"predecessor-version":[{"id":9065,"href":"https:\/\/blog.likibu.com\/fr\/wp-json\/wp\/v2\/posts\/8668\/revisions\/9065"}],"wp:featuredmedia":[{"embeddable":true,"href":"https:\/\/blog.likibu.com\/fr\/wp-json\/wp\/v2\/media\/8673"}],"wp:attachment":[{"href":"https:\/\/blog.likibu.com\/fr\/wp-json\/wp\/v2\/media?parent=8668"}],"wp:term":[{"taxonomy":"category","embeddable":true,"href":"https:\/\/blog.likibu.com\/fr\/wp-json\/wp\/v2\/categories?post=8668"},{"taxonomy":"post_tag","embeddable":true,"href":"https:\/\/blog.likibu.com\/fr\/wp-json\/wp\/v2\/tags?post=8668"}],"curies":[{"name":"wp","href":"https:\/\/api.w.org\/{rel}","templated":true}]}}